{"id":1336,"date":"2018-05-22T15:28:08","date_gmt":"2018-05-22T13:28:08","guid":{"rendered":"http:\/\/www.greis.ch\/blog\/?p=1336"},"modified":"2023-01-28T13:18:19","modified_gmt":"2023-01-28T12:18:19","slug":"das-neue-album-von-noti-wumie-ist-da","status":"publish","type":"post","link":"http:\/\/www.greis.ch\/blog\/2018\/05\/22\/das-neue-album-von-noti-wumie-ist-da\/","title":{"rendered":"Das neue Album von Noti W\u00fcmi\u00e9 ist da!"},"content":{"rendered":"\n<figure class=\"wp-block-image aligncenter\"><a href=\"https:\/\/notiwumie.lnk.to\/nouvellefrisure\"><img loading=\"lazy\" decoding=\"async\" width=\"450\" height=\"450\" src=\"http:\/\/www.greis.ch\/blog\/wp-content\/uploads\/2018\/05\/Noti-Wumie\u0301-Finale-Covers-Digital-120x120mm-1-450x450.jpg\" alt=\"\" class=\"wp-image-1337\" title=\"\" srcset=\"http:\/\/www.greis.ch\/blog\/wp-content\/uploads\/2018\/05\/Noti-Wumie\u0301-Finale-Covers-Digital-120x120mm-1-450x450.jpg 450w, http:\/\/www.greis.ch\/blog\/wp-content\/uploads\/2018\/05\/Noti-Wumie\u0301-Finale-Covers-Digital-120x120mm-1-150x150.jpg 150w, http:\/\/www.greis.ch\/blog\/wp-content\/uploads\/2018\/05\/Noti-Wumie\u0301-Finale-Covers-Digital-120x120mm-1-1000x1000.jpg 1000w\" sizes=\"auto, (max-width: 450px) 100vw, 450px\" \/><\/a><\/figure>\n\n\n\n<p>L\u00e4ppische 5 Jahre nach unserer ersten EP&nbsp;<a href=\"https:\/\/itunes.apple.com\/ch\/album\/madeleine-ep\/734380867\">Madeleine<\/a> erscheint nun unser langersehntes Deb\u00fctalbum&nbsp;<a href=\"https:\/\/notiwumie.lnk.to\/nouvellefrisure\">Nouvelle Fris\u00fcre<\/a>,&nbsp;voller kleiner Balanceakte zwischen Chanson und Rap. Lest dazu unsere <a href=\"https:\/\/www.bernerzeitung.ch\/kultur\/pop-und-jazz\/neue-frisuere-gefaellig\/story\/27990144\">Lieblingsreview<\/a>&nbsp;von Maria K\u00fcnzli, schaut das Video zum Song <a href=\"https:\/\/www.youtube.com\/watch?v=Y8Dx9Vx5mIY\">M\u00f6rderin<\/a> und besucht uns auf der Tour ab Herbst 2018, wir freuen uns auf euch! Greis aka Tim W\u00fcmi\u00e9 und Beni aka Toni Noti<\/p>\n","protected":false},"excerpt":{"rendered":"<p>L\u00e4ppische 5 Jahre nach unserer ersten EP&nbsp;Madeleine erscheint nun unser langersehntes Deb\u00fctalbum&nbsp;Nouvelle Fris\u00fcre,&nbsp;voller kleiner Balanceakte zwischen Chanson und Rap. Lest dazu unsere Lieblingsreview&nbsp;von Maria K\u00fcnzli, schaut das Video zum Song M\u00f6rderin und besucht uns auf der Tour ab Herbst 2018, wir freuen uns auf euch! Greis aka Tim W\u00fcmi\u00e9 und Beni aka Toni Noti<\/p>\n","protected":false},"author":2,"featured_media":0,"comment_status":"open","ping_status":"open","sticky":false,"template":"","format":"standard","meta":{"footnotes":""},"categories":[6],"tags":[],"class_list":["post-1336","post","type-post","status-publish","format-standard","hentry","category-bilder"],"_links":{"self":[{"href":"http:\/\/www.greis.ch\/blog\/wp-json\/wp\/v2\/posts\/1336","targetHints":{"allow":["GET"]}}],"collection":[{"href":"http:\/\/www.greis.ch\/blog\/wp-json\/wp\/v2\/posts"}],"about":[{"href":"http:\/\/www.greis.ch\/blog\/wp-json\/wp\/v2\/types\/post"}],"author":[{"embeddable":true,"href":"http:\/\/www.greis.ch\/blog\/wp-json\/wp\/v2\/users\/2"}],"replies":[{"embeddable":true,"href":"http:\/\/www.greis.ch\/blog\/wp-json\/wp\/v2\/comments?post=1336"}],"version-history":[{"count":7,"href":"http:\/\/www.greis.ch\/blog\/wp-json\/wp\/v2\/posts\/1336\/revisions"}],"predecessor-version":[{"id":1428,"href":"http:\/\/www.greis.ch\/blog\/wp-json\/wp\/v2\/posts\/1336\/revisions\/1428"}],"wp:attachment":[{"href":"http:\/\/www.greis.ch\/blog\/wp-json\/wp\/v2\/media?parent=1336"}],"wp:term":[{"taxonomy":"category","embeddable":true,"href":"http:\/\/www.greis.ch\/blog\/wp-json\/wp\/v2\/categories?post=1336"},{"taxonomy":"post_tag","embeddable":true,"href":"http:\/\/www.greis.ch\/blog\/wp-json\/wp\/v2\/tags?post=1336"}],"curies":[{"name":"wp","href":"https:\/\/api.w.org\/{rel}","templated":true}]}}