{"id":1238,"date":"2016-02-12T10:22:40","date_gmt":"2016-02-12T09:22:40","guid":{"rendered":"http:\/\/www.greis.ch\/blog\/?p=1238"},"modified":"2023-01-28T19:25:43","modified_gmt":"2023-01-28T18:25:43","slug":"drum-sagi-nei","status":"publish","type":"post","link":"http:\/\/www.greis.ch\/blog\/2016\/02\/12\/drum-sagi-nei\/","title":{"rendered":"DRUM S\u00c4GI NEI"},"content":{"rendered":"\n<p>28. FEBRUAR 2016: NEIN ZUR DURCHESETZUNGSINITIATIVE!<\/p>\n\n\n\n<p>Das Lied zur DSI von Knuts Koffer &amp; Greis kriegst du hier umsonst:&nbsp;<a href=\"http:\/\/www.greis.ch\/blog\/wp-content\/uploads\/2016\/02\/Drum-sa\u0308gi-Nei1.mp3\">Drum sa\u0308gi Nei<\/a><\/p>\n\n\n\n<figure class=\"wp-block-embed is-type-video is-provider-youtube wp-block-embed-youtube wp-embed-aspect-16-9 wp-has-aspect-ratio\"><div class=\"wp-block-embed__wrapper\">\n<iframe loading=\"lazy\" title=\"Knuts Koffer feat. Greis \u2013 Drum s\u00e4gi Nei\" width=\"500\" height=\"281\" src=\"https:\/\/www.youtube.com\/embed\/NFQV7tcLSqU?feature=oembed\" frameborder=\"0\" allow=\"accelerometer; autoplay; clipboard-write; encrypted-media; gyroscope; picture-in-picture; web-share\" referrerpolicy=\"strict-origin-when-cross-origin\" allowfullscreen><\/iframe>\n<\/div><\/figure>\n\n\n\n<p>&#8222;Die Initiative schafft etwas v\u00f6llig Neues f\u00fcr die Schweiz: doppeltes Recht. Eines f\u00fcr Schweizer. Das andere f\u00fcr Ausl\u00e4nder. Begehen zwei Jugendliche einen Bl\u00f6dsinn, wird der Schweizer mit einer Busse bestraft, sein ausl\u00e4ndischer Kollege wird in ein Land deportiert, in dem er niemanden kennt.<\/p>\n\n\n\n<p>Damit nimmt die Initiative einen der gr\u00f6ssten Siege der Demokratie gegen den Feudalismus zur\u00fcck. Jahrhunderte k\u00e4mpften Liberale gegen Aris\u00adto\u00adkra\u00adten genau darum: dass jeder vor Gericht gleich ist.<\/p>\n\n\n\n<div>\n<p>Was nach der Sprache der Demokratie klingt, ist die Sprache der Diktatur. Denn jede Diktatur, die je errichtet wurde, berief sich auf genau das: den Volkswillen. Es ist ein Fehler, zu glauben, das Gegenteil von respektierten Institutionen sei Freiheit. So b\u00fcrokratisch die Diktaturen der Nazis und in den Sowjetrepubliken wirkten, im Kern waren sie antistaatlich. Denn die Organe des Staats waren nur Fassade. Die Macht lag bei der Parallelstruktur: bei einer Partei, die behauptete, allein den Volkswillen zu vertreten.&#8220;<\/p>\n<p>C.Seibt, Tages-Anzeiger, 11.02.2016<\/p>\n<\/div>\n","protected":false},"excerpt":{"rendered":"<p>28. FEBRUAR 2016: NEIN ZUR DURCHESETZUNGSINITIATIVE! Das Lied zur DSI von Knuts Koffer &amp; Greis kriegst du hier umsonst:&nbsp;Drum sa\u0308gi Nei &#8222;Die Initiative schafft etwas v\u00f6llig Neues f\u00fcr die Schweiz: doppeltes Recht. Eines f\u00fcr Schweizer. Das andere f\u00fcr Ausl\u00e4nder. Begehen zwei Jugendliche einen Bl\u00f6dsinn, wird der Schweizer mit einer Busse bestraft, sein ausl\u00e4ndischer Kollege wird [&hellip;]<\/p>\n","protected":false},"author":2,"featured_media":0,"comment_status":"open","ping_status":"open","sticky":false,"template":"","format":"standard","meta":{"footnotes":""},"categories":[1],"tags":[],"class_list":["post-1238","post","type-post","status-publish","format-standard","hentry","category-various"],"_links":{"self":[{"href":"http:\/\/www.greis.ch\/blog\/wp-json\/wp\/v2\/posts\/1238","targetHints":{"allow":["GET"]}}],"collection":[{"href":"http:\/\/www.greis.ch\/blog\/wp-json\/wp\/v2\/posts"}],"about":[{"href":"http:\/\/www.greis.ch\/blog\/wp-json\/wp\/v2\/types\/post"}],"author":[{"embeddable":true,"href":"http:\/\/www.greis.ch\/blog\/wp-json\/wp\/v2\/users\/2"}],"replies":[{"embeddable":true,"href":"http:\/\/www.greis.ch\/blog\/wp-json\/wp\/v2\/comments?post=1238"}],"version-history":[{"count":9,"href":"http:\/\/www.greis.ch\/blog\/wp-json\/wp\/v2\/posts\/1238\/revisions"}],"predecessor-version":[{"id":1479,"href":"http:\/\/www.greis.ch\/blog\/wp-json\/wp\/v2\/posts\/1238\/revisions\/1479"}],"wp:attachment":[{"href":"http:\/\/www.greis.ch\/blog\/wp-json\/wp\/v2\/media?parent=1238"}],"wp:term":[{"taxonomy":"category","embeddable":true,"href":"http:\/\/www.greis.ch\/blog\/wp-json\/wp\/v2\/categories?post=1238"},{"taxonomy":"post_tag","embeddable":true,"href":"http:\/\/www.greis.ch\/blog\/wp-json\/wp\/v2\/tags?post=1238"}],"curies":[{"name":"wp","href":"https:\/\/api.w.org\/{rel}","templated":true}]}}